{"id":14416,"date":"2020-02-14T17:18:24","date_gmt":"2020-02-14T17:18:24","guid":{"rendered":"https:\/\/www.golive.clarku.edu\/news\/2020\/02\/14\/cynthia-enloe-honored-for-gender-equality-work-at-university-of-iceland\/"},"modified":"2025-05-19T09:50:35","modified_gmt":"2025-05-19T13:50:35","slug":"cynthia-enloe-honored-for-gender-equality-work-at-university-of-iceland","status":"publish","type":"story","link":"https:\/\/www.clarku.edu\/news\/2020\/02\/14\/cynthia-enloe-honored-for-gender-equality-work-at-university-of-iceland\/","title":{"rendered":"Cynthia Enloe honored for gender equality work at University of Iceland"},"content":{"rendered":"\n            \n            <p class=\"intro news-subhead\">Professor also set to receive distinguished scholar award in March<\/p>\n            <p><html><body><\/p>\n Cynthia Enloe receives an honorary doctorate from the University of Iceland. From left: Birna Arnbj&ouml;rnsd&oacute;ttir, head of Faculty of Languages and Cultural Studies; J&oacute;n Atli Benediktsson, rector the University of Iceland; and Cynthia Enloe. Photo by Kristinn Ingvarsson.\n<p>&nbsp;<\/p>\n<p>Professor <a href=\"https:\/\/www2.clarku.edu\/faculty\/facultybio.cfm?id=343\" target=\"_blank\" rel=\"noopener noreferrer\">Cynthia Enloe<\/a>, research professor in the <a href=\"https:\/\/www.clarku.edu\/schools\/idce\/\" target=\"_blank\" rel=\"noopener noreferrer\">International Development, Community, and Environment Department<\/a> and affiliate faculty in the <a href=\"https:\/\/www.clarku.edu\/departments\/political-science\/\" target=\"_blank\" rel=\"noopener noreferrer\">Political Science<\/a> and <a href=\"https:\/\/www.clarku.edu\/departments\/womens-and-gender-studies\/\">Women&rsquo;s and Gender Studies<\/a> departments, was awarded an honorary doctorate by the <a href=\"https:\/\/english.hi.is\/university_of_iceland\" target=\"_blank\" rel=\"noopener noreferrer\">University of Iceland<\/a> on February 4 in recognition of her contributions to the University&rsquo;s <a href=\"https:\/\/gest.unu.edu\/\" target=\"_blank\" rel=\"noopener noreferrer\">UNESCO Gender Equality Studies and Training (GEST) Program<\/a>.<\/p>\n<p>Enloe has been an annual visiting scholar in the GEST Program since it was established in 2010, teaching courses on both gender and peace and security. She also has given lectures on behalf of the GEST Program and its sister institutes, the <a href=\"https:\/\/rikk.hi.is\/institute-for-gender-equality-and-difference\/\" target=\"_blank\" rel=\"noopener noreferrer\">Institute for Gender, Equality, and Difference (RIKK)<\/a> and the <a href=\"https:\/\/edda.hi.is\/\" target=\"_blank\" rel=\"noopener noreferrer\">EDDA Research Center<\/a>, as well as at conferences organized by the GEST Program, RIKK, and EDDA.<\/p>\n<p>&ldquo;Professor Enloe&rsquo;s contribution has been fundamental to the creation and development of the GEST Program,&rdquo; said <a href=\"https:\/\/en.wikipedia.org\/wiki\/J%C3%B3n_Atli_Benediktsson\" target=\"_blank\" rel=\"noopener noreferrer\">J&oacute;n Atli Benediktsson<\/a>, rector of the University of Iceland. &ldquo;No other instructor has received such positive feedback from students; she had a considerable impact on scholarship and grassroots activism in the field of equality both here in Iceland and in the Program&rsquo;s partner countries.&rdquo;<\/p>\n<p>&ldquo;Working with the smart, worldly feminist professors and students of the University of Iceland has been truly one of the most enjoyable and stretchy experiences of this last decade,&rdquo; Enloe said upon receiving the degree.<\/p>\n<figure id=\"attachment_11524\" aria-describedby=\"caption-attachment-11524\" style=\"width: 420px\" class=\"wp-caption alignright\"><img loading=\"lazy\" decoding=\"async\" class=\"wp-image-11524\" src=\"https:\/\/www.clarku.edu\/news\/wp-content\/uploads\/sites\/37\/Prof.-Enloe-and-Icelandic-former-president-1.jpg\" alt=\"Cynthia Enloe with Vigd&iacute;s Finnbogad&oacute;ttir\" width=\"420\" height=\"405\"><figcaption id=\"caption-attachment-11524\" class=\"wp-caption-text\">Vigd&iacute;s Finnbogad&oacute;ttir, former President of Iceland, attended the ceremony honoring Professor Cynthia Enloe.<\/figcaption><\/figure>\n<p><a href=\"https:\/\/en.wikipedia.org\/wiki\/Vigd%C3%ADs_Finnbogad%C3%B3ttir\" target=\"_blank\" rel=\"noopener noreferrer\">Vigd&iacute;s Finnbogad&oacute;ttir<\/a>, Iceland&#8217;s president from 1980 to 1996, attended the degree ceremony, and current President&nbsp;<a href=\"https:\/\/en.wikipedia.org\/wiki\/President_of_Iceland\" target=\"_blank\" rel=\"noopener noreferrer\">Gu&eth;ni Thorlacious J&oacute;hannesson<\/a> hosted a post-ceremony celebration in her honor.<\/p>\n<p>Next month, Enloe will receive the <a href=\"https:\/\/www.isanet.org\/Programs\/Awards\/ISSS-Distinguished-Scholar\" target=\"_blank\" rel=\"noopener noreferrer\">International Security Studies Section (ISSS) Distinguished Scholar Award<\/a> from the <a href=\"https:\/\/www.isanet.org\/\" target=\"_blank\" rel=\"noopener noreferrer\">International Studies Association (ISA)<\/a>, of which a number of Clark Political Science faculty are members.<\/p>\n<p>The Distinguished Scholar Award is given to ISA members who have made major contributions to the field of International Security Studies through their research, publications, and mentorship of others. The award, which comes with a plaque and $500 prize, will be presented on March 27 at the <a href=\"https:\/\/www.isanet.org\/Conferences\/Honolulu-2020\" target=\"_blank\" rel=\"noopener noreferrer\">ISA Annual Convention<\/a> in Honolulu.<\/p>\n<p><\/body><\/html><\/p>\n","protected":false},"excerpt":{"rendered":"<p>Professor also set to receive distinguished scholar award in March<\/p>\n","protected":false},"featured_media":14417,"template":"","meta":{"story_color":"#525250","story_headerImg":14417,"section_label":"","footnotes":"","_links_to":"","_links_to_target":""},"categories":[223,245,239],"displayed_author":[324],"featured":[],"topic":[256,150,160,334,336,264],"class_list":["post-14416","story","type-story","status-publish","has-post-thumbnail","hentry","category-clark-community","category-social-sciences","category-worcester-world","displayed_author-clark-news-and-media-relations","topic-awards-and-honors","topic-faculty","topic-faculty-research","topic-gender","topic-major-in-political-science","topic-political-science"],"yoast_head":"<!-- This site is optimized with the Yoast SEO Premium plugin v27.4 (Yoast SEO v27.5) - https:\/\/yoast.com\/product\/yoast-seo-premium-wordpress\/ -->\n<title>Cynthia Enloe honored for gender equality work at University of Iceland | ClarkU News<\/title>\n<meta name=\"robots\" content=\"index, follow, max-snippet:-1, max-image-preview:large, max-video-preview:-1\" \/>\n<link rel=\"canonical\" href=\"https:\/\/www.clarku.edu\/news\/2020\/02\/14\/cynthia-enloe-honored-for-gender-equality-work-at-university-of-iceland\/\" \/>\n<meta property=\"og:locale\" content=\"en_US\" \/>\n<meta property=\"og:type\" content=\"article\" \/>\n<meta property=\"og:title\" content=\"Cynthia Enloe honored for gender equality work at University of Iceland\" \/>\n<meta property=\"og:description\" content=\"Professor also set to receive distinguished scholar award in March\" \/>\n<meta property=\"og:url\" content=\"https:\/\/www.clarku.edu\/news\/2020\/02\/14\/cynthia-enloe-honored-for-gender-equality-work-at-university-of-iceland\/\" \/>\n<meta property=\"og:site_name\" content=\"ClarkU News\" \/>\n<meta property=\"article:modified_time\" content=\"2025-05-19T13:50:35+00:00\" \/>\n<meta property=\"og:image\" content=\"https:\/\/www.clarku.edu\/news\/wp-content\/uploads\/sites\/37\/2020-Enloe-Iceland-doctorate.jpg\" \/>\n\t<meta property=\"og:image:width\" content=\"1163\" \/>\n\t<meta property=\"og:image:height\" content=\"754\" \/>\n\t<meta property=\"og:image:type\" content=\"image\/jpeg\" \/>\n<meta name=\"twitter:card\" content=\"summary_large_image\" \/>\n<meta name=\"twitter:label1\" content=\"Est. reading time\" \/>\n\t<meta name=\"twitter:data1\" content=\"2 minutes\" \/>\n<script type=\"application\/ld+json\" class=\"yoast-schema-graph\">{\"@context\":\"https:\\\/\\\/schema.org\",\"@graph\":[{\"@type\":\"WebPage\",\"@id\":\"https:\\\/\\\/www.clarku.edu\\\/news\\\/2020\\\/02\\\/14\\\/cynthia-enloe-honored-for-gender-equality-work-at-university-of-iceland\\\/\",\"url\":\"https:\\\/\\\/www.clarku.edu\\\/news\\\/2020\\\/02\\\/14\\\/cynthia-enloe-honored-for-gender-equality-work-at-university-of-iceland\\\/\",\"name\":\"Cynthia Enloe honored for gender equality work at University of Iceland | ClarkU News\",\"isPartOf\":{\"@id\":\"https:\\\/\\\/www.clarku.edu\\\/news\\\/#website\"},\"primaryImageOfPage\":{\"@id\":\"https:\\\/\\\/www.clarku.edu\\\/news\\\/2020\\\/02\\\/14\\\/cynthia-enloe-honored-for-gender-equality-work-at-university-of-iceland\\\/#primaryimage\"},\"image\":{\"@id\":\"https:\\\/\\\/www.clarku.edu\\\/news\\\/2020\\\/02\\\/14\\\/cynthia-enloe-honored-for-gender-equality-work-at-university-of-iceland\\\/#primaryimage\"},\"thumbnailUrl\":\"https:\\\/\\\/www.clarku.edu\\\/news\\\/wp-content\\\/uploads\\\/sites\\\/37\\\/2020-Enloe-Iceland-doctorate.jpg\",\"datePublished\":\"2020-02-14T17:18:24+00:00\",\"dateModified\":\"2025-05-19T13:50:35+00:00\",\"inLanguage\":\"en-US\",\"potentialAction\":[{\"@type\":\"ReadAction\",\"target\":[\"https:\\\/\\\/www.clarku.edu\\\/news\\\/2020\\\/02\\\/14\\\/cynthia-enloe-honored-for-gender-equality-work-at-university-of-iceland\\\/\"]}]},{\"@type\":\"ImageObject\",\"inLanguage\":\"en-US\",\"@id\":\"https:\\\/\\\/www.clarku.edu\\\/news\\\/2020\\\/02\\\/14\\\/cynthia-enloe-honored-for-gender-equality-work-at-university-of-iceland\\\/#primaryimage\",\"url\":\"https:\\\/\\\/www.clarku.edu\\\/news\\\/wp-content\\\/uploads\\\/sites\\\/37\\\/2020-Enloe-Iceland-doctorate.jpg\",\"contentUrl\":\"https:\\\/\\\/www.clarku.edu\\\/news\\\/wp-content\\\/uploads\\\/sites\\\/37\\\/2020-Enloe-Iceland-doctorate.jpg\",\"width\":1163,\"height\":754,\"caption\":\"Cynthia Enloe receives an honorary doctorate from the University of Iceland. From left: Birna Arnbj\u00f6rnsd\u00f3ttir, Head of Faculty of Languages and Cultural Studies; J\u00f3n Atli Benediktsson, rector the University of Iceland; and Cynthia Enloe. Photo by Kristinn Ingvarsson.\"},{\"@type\":\"BreadcrumbList\",\"@id\":\"https:\\\/\\\/www.clarku.edu\\\/news\\\/wp-json\\\/wp\\\/v2\\\/story\\\/14416#breadcrumbs\",\"itemListElement\":[{\"@type\":\"ListItem\",\"position\":0,\"name\":\"ClarkU\",\"item\":\"https:\\\/\\\/www.clarku.edu\\\/\"},{\"@type\":\"ListItem\",\"position\":1,\"name\":\"ClarkU News\",\"item\":\"https:\\\/\\\/www.clarku.edu\\\/news\"},{\"@type\":\"ListItem\",\"position\":2,\"name\":\"Stories\",\"item\":\"https:\\\/\\\/www.clarku.edu\\\/news\\\/wp-json\"},{\"@type\":\"ListItem\",\"position\":3,\"name\":\"Stories\",\"item\":\"https:\\\/\\\/www.clarku.edu\\\/news\\\/wp-json\\\/wp\"},{\"@type\":\"ListItem\",\"position\":4,\"name\":\"Stories\",\"item\":\"https:\\\/\\\/www.clarku.edu\\\/news\\\/wp-json\\\/wp\\\/v2\"},{\"@type\":\"ListItem\",\"position\":5,\"name\":\"Stories\",\"item\":\"https:\\\/\\\/www.clarku.edu\\\/news\\\/wp-json\\\/wp\\\/v2\\\/story\"},{\"@type\":\"ListItem\",\"position\":6,\"name\":\"Stories\",\"item\":\"https:\\\/\\\/www.clarku.edu\\\/news\\\/wp-json\\\/wp\\\/v2\\\/story\\\/14416\"}]},{\"@type\":\"WebSite\",\"@id\":\"https:\\\/\\\/www.clarku.edu\\\/news\\\/#website\",\"url\":\"https:\\\/\\\/www.clarku.edu\\\/news\\\/\",\"name\":\"ClarkU News\",\"description\":\"\",\"potentialAction\":[{\"@type\":\"SearchAction\",\"target\":{\"@type\":\"EntryPoint\",\"urlTemplate\":\"https:\\\/\\\/www.clarku.edu\\\/news\\\/?s={search_term_string}\"},\"query-input\":{\"@type\":\"PropertyValueSpecification\",\"valueRequired\":true,\"valueName\":\"search_term_string\"}}],\"inLanguage\":\"en-US\"}]}<\/script>\n<!-- \/ Yoast SEO Premium plugin. -->","yoast_head_json":{"title":"Cynthia Enloe honored for gender equality work at University of Iceland | ClarkU News","robots":{"index":"index","follow":"follow","max-snippet":"max-snippet:-1","max-image-preview":"max-image-preview:large","max-video-preview":"max-video-preview:-1"},"canonical":"https:\/\/www.clarku.edu\/news\/2020\/02\/14\/cynthia-enloe-honored-for-gender-equality-work-at-university-of-iceland\/","og_locale":"en_US","og_type":"article","og_title":"Cynthia Enloe honored for gender equality work at University of Iceland","og_description":"Professor also set to receive distinguished scholar award in March","og_url":"https:\/\/www.clarku.edu\/news\/2020\/02\/14\/cynthia-enloe-honored-for-gender-equality-work-at-university-of-iceland\/","og_site_name":"ClarkU News","article_modified_time":"2025-05-19T13:50:35+00:00","og_image":[{"width":1163,"height":754,"url":"https:\/\/www.clarku.edu\/news\/wp-content\/uploads\/sites\/37\/2020-Enloe-Iceland-doctorate.jpg","type":"image\/jpeg"}],"twitter_card":"summary_large_image","twitter_misc":{"Est. reading time":"2 minutes"},"schema":{"@context":"https:\/\/schema.org","@graph":[{"@type":"WebPage","@id":"https:\/\/www.clarku.edu\/news\/2020\/02\/14\/cynthia-enloe-honored-for-gender-equality-work-at-university-of-iceland\/","url":"https:\/\/www.clarku.edu\/news\/2020\/02\/14\/cynthia-enloe-honored-for-gender-equality-work-at-university-of-iceland\/","name":"Cynthia Enloe honored for gender equality work at University of Iceland | ClarkU News","isPartOf":{"@id":"https:\/\/www.clarku.edu\/news\/#website"},"primaryImageOfPage":{"@id":"https:\/\/www.clarku.edu\/news\/2020\/02\/14\/cynthia-enloe-honored-for-gender-equality-work-at-university-of-iceland\/#primaryimage"},"image":{"@id":"https:\/\/www.clarku.edu\/news\/2020\/02\/14\/cynthia-enloe-honored-for-gender-equality-work-at-university-of-iceland\/#primaryimage"},"thumbnailUrl":"https:\/\/www.clarku.edu\/news\/wp-content\/uploads\/sites\/37\/2020-Enloe-Iceland-doctorate.jpg","datePublished":"2020-02-14T17:18:24+00:00","dateModified":"2025-05-19T13:50:35+00:00","inLanguage":"en-US","potentialAction":[{"@type":"ReadAction","target":["https:\/\/www.clarku.edu\/news\/2020\/02\/14\/cynthia-enloe-honored-for-gender-equality-work-at-university-of-iceland\/"]}]},{"@type":"ImageObject","inLanguage":"en-US","@id":"https:\/\/www.clarku.edu\/news\/2020\/02\/14\/cynthia-enloe-honored-for-gender-equality-work-at-university-of-iceland\/#primaryimage","url":"https:\/\/www.clarku.edu\/news\/wp-content\/uploads\/sites\/37\/2020-Enloe-Iceland-doctorate.jpg","contentUrl":"https:\/\/www.clarku.edu\/news\/wp-content\/uploads\/sites\/37\/2020-Enloe-Iceland-doctorate.jpg","width":1163,"height":754,"caption":"Cynthia Enloe receives an honorary doctorate from the University of Iceland. From left: Birna Arnbj\u00f6rnsd\u00f3ttir, Head of Faculty of Languages and Cultural Studies; J\u00f3n Atli Benediktsson, rector the University of Iceland; and Cynthia Enloe. Photo by Kristinn Ingvarsson."},{"@type":"BreadcrumbList","@id":"https:\/\/www.clarku.edu\/news\/wp-json\/wp\/v2\/story\/14416#breadcrumbs","itemListElement":[{"@type":"ListItem","position":0,"name":"ClarkU","item":"https:\/\/www.clarku.edu\/"},{"@type":"ListItem","position":1,"name":"ClarkU News","item":"https:\/\/www.clarku.edu\/news"},{"@type":"ListItem","position":2,"name":"Stories","item":"https:\/\/www.clarku.edu\/news\/wp-json"},{"@type":"ListItem","position":3,"name":"Stories","item":"https:\/\/www.clarku.edu\/news\/wp-json\/wp"},{"@type":"ListItem","position":4,"name":"Stories","item":"https:\/\/www.clarku.edu\/news\/wp-json\/wp\/v2"},{"@type":"ListItem","position":5,"name":"Stories","item":"https:\/\/www.clarku.edu\/news\/wp-json\/wp\/v2\/story"},{"@type":"ListItem","position":6,"name":"Stories","item":"https:\/\/www.clarku.edu\/news\/wp-json\/wp\/v2\/story\/14416"}]},{"@type":"WebSite","@id":"https:\/\/www.clarku.edu\/news\/#website","url":"https:\/\/www.clarku.edu\/news\/","name":"ClarkU News","description":"","potentialAction":[{"@type":"SearchAction","target":{"@type":"EntryPoint","urlTemplate":"https:\/\/www.clarku.edu\/news\/?s={search_term_string}"},"query-input":{"@type":"PropertyValueSpecification","valueRequired":true,"valueName":"search_term_string"}}],"inLanguage":"en-US"}]}},"fimg_url":"https:\/\/www.clarku.edu\/news\/wp-content\/uploads\/sites\/37\/2020-Enloe-Iceland-doctorate-1024x664.jpg","_links":{"self":[{"href":"https:\/\/www.clarku.edu\/news\/wp-json\/wp\/v2\/story\/14416","targetHints":{"allow":["GET"]}}],"collection":[{"href":"https:\/\/www.clarku.edu\/news\/wp-json\/wp\/v2\/story"}],"about":[{"href":"https:\/\/www.clarku.edu\/news\/wp-json\/wp\/v2\/types\/story"}],"version-history":[{"count":0,"href":"https:\/\/www.clarku.edu\/news\/wp-json\/wp\/v2\/story\/14416\/revisions"}],"wp:featuredmedia":[{"embeddable":true,"href":"https:\/\/www.clarku.edu\/news\/wp-json\/wp\/v2\/media\/14417"}],"wp:attachment":[{"href":"https:\/\/www.clarku.edu\/news\/wp-json\/wp\/v2\/media?parent=14416"}],"wp:term":[{"taxonomy":"category","embeddable":true,"href":"https:\/\/www.clarku.edu\/news\/wp-json\/wp\/v2\/categories?post=14416"},{"taxonomy":"displayed_author","embeddable":true,"href":"https:\/\/www.clarku.edu\/news\/wp-json\/wp\/v2\/displayed_author?post=14416"},{"taxonomy":"featured","embeddable":true,"href":"https:\/\/www.clarku.edu\/news\/wp-json\/wp\/v2\/featured?post=14416"},{"taxonomy":"topic","embeddable":true,"href":"https:\/\/www.clarku.edu\/news\/wp-json\/wp\/v2\/topic?post=14416"}],"curies":[{"name":"wp","href":"https:\/\/api.w.org\/{rel}","templated":true}]}}