{"id":13314,"date":"2022-08-18T18:31:46","date_gmt":"2022-08-18T18:31:46","guid":{"rendered":"https:\/\/www.golive.clarku.edu\/news\/2022\/08\/18\/poetry-is-proof-of-the-humanity-we-all-share\/"},"modified":"2025-05-19T09:31:18","modified_gmt":"2025-05-19T13:31:18","slug":"poetry-is-proof-of-the-humanity-we-all-share","status":"publish","type":"story","link":"https:\/\/www.clarku.edu\/news\/2022\/08\/18\/poetry-is-proof-of-the-humanity-we-all-share\/","title":{"rendered":"\u2018Poetry is proof of the humanity we all share\u2019"},"content":{"rendered":"\n            \n            <p class=\"intro news-subhead\">Clark professor brings international poets to campus this summer<\/p>\n            <p><html><body><\/p>\n Former Clark Professor Eugenio Marcano, international poets Mar&iacute;a In&eacute;s Iacometti and Juan Freddy Armando, and Professor Bel&eacute;n Atienza with Clark&#8217;s Freud statue.\n<p>&nbsp;<\/p>\n<p>International poets toured the Clark campus this month and read during a bilingual event at the Worcester Public Library, an effort to cross cultural divides through written and spoken word.<\/p>\n<p><a href=\"https:\/\/www2.clarku.edu\/faculty\/facultybio.cfm?id=454\" aria-label=\"Professor Bel&eacute;n Atienza bio\">Professor Bel&eacute;n Atienza<\/a> of the <a href=\"https:\/\/www.clarku.edu\/departments\/language-literature-and-culture\/\" aria-label=\"department webpage\">Department of Language, Literature and Culture<\/a> arranged for Argentinian poet and singer Mar&iacute;a In&eacute;s Iacometti and Dominican poet Juan Freddy Armando to visit Massachusetts, part of Clark&rsquo;s support of the arts. Atienza led the two poets on a tour of campus and other local institutions like the Worcester Art Museum.<\/p>\n<p>&ldquo;This is a great opportunity for intellectual dialogue,&rdquo; Iacometti says. &ldquo;I want to explore the ways in which we can create cultural collaborations and reach an international audience.&rdquo;<\/p>\n<p>This visit marked her first time in the United States. Atienza, along with former Clark Professor Eugenio Marcano, showed Iacometti and Armando Clark&rsquo;s statue of Freud. Atienza believes Iacometti is poised to become one of the great poets of her generation.<\/p>\n<figure id=\"attachment_22447\" aria-describedby=\"caption-attachment-22447\" style=\"width: 420px\" class=\"wp-caption alignright\"><img loading=\"lazy\" decoding=\"async\" class=\"wp-image-22447 size-medium-large\" src=\"https:\/\/www.clarku.edu\/news\/wp-content\/uploads\/sites\/37\/2022-International-Poets-0006-420x280-2.jpg\" alt=\"headshot of poet\" width=\"420\" height=\"280\"><figcaption id=\"caption-attachment-22447\" class=\"wp-caption-text\">Mar&iacute;a In&eacute;s Iacometti<\/figcaption><\/figure>\n<p>&ldquo;Freud was here at Clark when he wasn&rsquo;t yet &lsquo;Freud,&rsquo;&rdquo; Atienza says. &ldquo;Mar&iacute;a In&eacute;s is here when she is not yet Mar&iacute;a In&eacute;s.&rdquo;<\/p>\n<p>Iacometti is one of the founding members of Arte Po&eacute;tica Latinoamericana, an organization to promote poetry with ambassadors in 23 countries. Armando is known as an intellectual across Latin America and is a journalist with a weekly column about poetry. Atienza interpreted for the two during their visit.<\/p>\n<p>Armando is interested in the exchange of dialogue and culture between the United States and Latin America.<\/p>\n<p>&ldquo;The people of the United States love culture, they love libraries, they love learning, and they are very curious. So am I and so is the Dominican Republic,&rdquo; he says. &ldquo;This is an opportunity to keep learning alive.&rdquo;<\/p>\n<p>Atienza has brought poets to campus for years with the support of the University. She strives to make her students realize poets are everyday people. Visits from international poets support that goal.<\/p>\n<p>&ldquo;Poets are living human beings like the students are. Students can talk to them, ask questions,&rdquo; she says. &ldquo;When Clark has a commitment to poetry, that&rsquo;s really a commitment to being citizens of the world. If we do not commit to poetry, we are not committing to the deepest searches of the soul.&rdquo;<\/p>\n<p>Armando says great poetry bridges cultural divides by making people laugh and cry together.<\/p>\n<figure id=\"attachment_22446\" aria-describedby=\"caption-attachment-22446\" style=\"width: 420px\" class=\"wp-caption alignleft\"><img loading=\"lazy\" decoding=\"async\" class=\"wp-image-22446 size-medium-large\" src=\"https:\/\/www.clarku.edu\/news\/wp-content\/uploads\/sites\/37\/2022-International-Poets-0007-420x280-2.jpg\" alt=\"headshot of man\" width=\"420\" height=\"280\"><figcaption id=\"caption-attachment-22446\" class=\"wp-caption-text\">Juan Freddy Armando<\/figcaption><\/figure>\n<p>&ldquo;Poetry shows us that no matter where we live, the color of our skin, our language, all human beings share common emotions, common questions, common struggles, common sources of strength,&rdquo; he says.<\/p>\n<p>For Atienza, it has been a month replete with poetry readings. She and Iacometti gave a reading at the Newburyport (Mass.) Public Library earlier this month. Atienza was also the co-organizer of a historical meeting of major international poets. Thirty-six poets, three of them National Poets of the Dominican Republic, traveled to Newburyport for a reading. The group came from near and far, including Worcester, Lawrence, Boston, New York City, Spain, Puerto Rico, and Argentina.<\/p>\n<p>Iacometti, Armando, and Atienza joined Worcester Poet Laureate Juan Matos, Worcester Youth Poet Laureate Adael Mej&iacute;a, and other local poets on Aug. 10 for a bilingual poetry reading at the Worcester Public Library. Matos is coming to Clark in September for a reading<\/p>\n<p>Iacometti calls poetry an &ldquo;emergency of the soul.&rdquo;<\/p>\n<p>&ldquo;Poetry is essential to the human being. Every person has poetry inside them,&rdquo; she says. &ldquo;The only difference is that some of us practice it, and others have yet to discover it.&rdquo;<\/p>\n<p><\/body><\/html><\/p>\n","protected":false},"excerpt":{"rendered":"<p>Clark professor brings international poets to campus this summer<\/p>\n","protected":false},"featured_media":13315,"template":"","meta":{"story_color":"#525250","story_headerImg":13315,"section_label":"","footnotes":"","_links_to":"","_links_to_target":""},"categories":[225,223,239],"displayed_author":[237],"featured":[],"topic":[250,253,148,182,183,207,271,213,172],"class_list":["post-13314","story","type-story","status-publish","has-post-thumbnail","hentry","category-arts-humanities","category-clark-community","category-worcester-world","displayed_author-melissa-hanson","topic-arts","topic-campus","topic-community","topic-language-literature-and-culture-department","topic-languages","topic-massachusetts","topic-north-america","topic-south-america","topic-worcester"],"yoast_head":"<!-- This site is optimized with the Yoast SEO Premium plugin v27.4 (Yoast SEO v27.4) - https:\/\/yoast.com\/product\/yoast-seo-premium-wordpress\/ -->\n<title>\u2018Poetry is proof of the humanity we all share\u2019 | ClarkU News<\/title>\n<meta name=\"robots\" content=\"index, follow, max-snippet:-1, max-image-preview:large, max-video-preview:-1\" \/>\n<link rel=\"canonical\" href=\"https:\/\/www.clarku.edu\/news\/2022\/08\/18\/poetry-is-proof-of-the-humanity-we-all-share\/\" \/>\n<meta property=\"og:locale\" content=\"en_US\" \/>\n<meta property=\"og:type\" content=\"article\" \/>\n<meta property=\"og:title\" content=\"\u2018Poetry is proof of the humanity we all share\u2019\" \/>\n<meta property=\"og:description\" content=\"Clark professor brings international poets to campus this summer\" \/>\n<meta property=\"og:url\" content=\"https:\/\/www.clarku.edu\/news\/2022\/08\/18\/poetry-is-proof-of-the-humanity-we-all-share\/\" \/>\n<meta property=\"og:site_name\" content=\"ClarkU News\" \/>\n<meta property=\"article:modified_time\" content=\"2025-05-19T13:31:18+00:00\" \/>\n<meta property=\"og:image\" content=\"https:\/\/www.clarku.edu\/news\/wp-content\/uploads\/sites\/37\/2022-International-Poets-0020-scaled-1.jpg\" \/>\n\t<meta property=\"og:image:width\" content=\"2560\" \/>\n\t<meta property=\"og:image:height\" content=\"1707\" \/>\n\t<meta property=\"og:image:type\" content=\"image\/jpeg\" \/>\n<meta name=\"twitter:card\" content=\"summary_large_image\" \/>\n<meta name=\"twitter:label1\" content=\"Est. reading time\" \/>\n\t<meta name=\"twitter:data1\" content=\"3 minutes\" \/>\n<script type=\"application\/ld+json\" class=\"yoast-schema-graph\">{\"@context\":\"https:\\\/\\\/schema.org\",\"@graph\":[{\"@type\":\"WebPage\",\"@id\":\"https:\\\/\\\/www.clarku.edu\\\/news\\\/2022\\\/08\\\/18\\\/poetry-is-proof-of-the-humanity-we-all-share\\\/\",\"url\":\"https:\\\/\\\/www.clarku.edu\\\/news\\\/2022\\\/08\\\/18\\\/poetry-is-proof-of-the-humanity-we-all-share\\\/\",\"name\":\"\u2018Poetry is proof of the humanity we all share\u2019 | ClarkU News\",\"isPartOf\":{\"@id\":\"https:\\\/\\\/www.clarku.edu\\\/news\\\/#website\"},\"primaryImageOfPage\":{\"@id\":\"https:\\\/\\\/www.clarku.edu\\\/news\\\/2022\\\/08\\\/18\\\/poetry-is-proof-of-the-humanity-we-all-share\\\/#primaryimage\"},\"image\":{\"@id\":\"https:\\\/\\\/www.clarku.edu\\\/news\\\/2022\\\/08\\\/18\\\/poetry-is-proof-of-the-humanity-we-all-share\\\/#primaryimage\"},\"thumbnailUrl\":\"https:\\\/\\\/www.clarku.edu\\\/news\\\/wp-content\\\/uploads\\\/sites\\\/37\\\/2022-International-Poets-0020-scaled-1.jpg\",\"datePublished\":\"2022-08-18T18:31:46+00:00\",\"dateModified\":\"2025-05-19T13:31:18+00:00\",\"inLanguage\":\"en-US\",\"potentialAction\":[{\"@type\":\"ReadAction\",\"target\":[\"https:\\\/\\\/www.clarku.edu\\\/news\\\/2022\\\/08\\\/18\\\/poetry-is-proof-of-the-humanity-we-all-share\\\/\"]}]},{\"@type\":\"ImageObject\",\"inLanguage\":\"en-US\",\"@id\":\"https:\\\/\\\/www.clarku.edu\\\/news\\\/2022\\\/08\\\/18\\\/poetry-is-proof-of-the-humanity-we-all-share\\\/#primaryimage\",\"url\":\"https:\\\/\\\/www.clarku.edu\\\/news\\\/wp-content\\\/uploads\\\/sites\\\/37\\\/2022-International-Poets-0020-scaled-1.jpg\",\"contentUrl\":\"https:\\\/\\\/www.clarku.edu\\\/news\\\/wp-content\\\/uploads\\\/sites\\\/37\\\/2022-International-Poets-0020-scaled-1.jpg\",\"width\":2560,\"height\":1707,\"caption\":\"international poets Mar\u00eda In\u00e9s Iacometti and Juan Freddy Armando talk with Professor Bel\u00e9n Atienza.\"},{\"@type\":\"BreadcrumbList\",\"@id\":\"https:\\\/\\\/www.clarku.edu\\\/news\\\/wp-json\\\/wp\\\/v2\\\/story\\\/13314#breadcrumbs\",\"itemListElement\":[{\"@type\":\"ListItem\",\"position\":0,\"name\":\"ClarkU\",\"item\":\"https:\\\/\\\/www.clarku.edu\\\/\"},{\"@type\":\"ListItem\",\"position\":1,\"name\":\"ClarkU News\",\"item\":\"https:\\\/\\\/www.clarku.edu\\\/news\"},{\"@type\":\"ListItem\",\"position\":2,\"name\":\"Stories\",\"item\":\"https:\\\/\\\/www.clarku.edu\\\/news\\\/wp-json\"},{\"@type\":\"ListItem\",\"position\":3,\"name\":\"Stories\",\"item\":\"https:\\\/\\\/www.clarku.edu\\\/news\\\/wp-json\\\/wp\"},{\"@type\":\"ListItem\",\"position\":4,\"name\":\"Stories\",\"item\":\"https:\\\/\\\/www.clarku.edu\\\/news\\\/wp-json\\\/wp\\\/v2\"},{\"@type\":\"ListItem\",\"position\":5,\"name\":\"Stories\",\"item\":\"https:\\\/\\\/www.clarku.edu\\\/news\\\/wp-json\\\/wp\\\/v2\\\/story\"},{\"@type\":\"ListItem\",\"position\":6,\"name\":\"Stories\",\"item\":\"https:\\\/\\\/www.clarku.edu\\\/news\\\/wp-json\\\/wp\\\/v2\\\/story\\\/13314\"}]},{\"@type\":\"WebSite\",\"@id\":\"https:\\\/\\\/www.clarku.edu\\\/news\\\/#website\",\"url\":\"https:\\\/\\\/www.clarku.edu\\\/news\\\/\",\"name\":\"ClarkU News\",\"description\":\"\",\"potentialAction\":[{\"@type\":\"SearchAction\",\"target\":{\"@type\":\"EntryPoint\",\"urlTemplate\":\"https:\\\/\\\/www.clarku.edu\\\/news\\\/?s={search_term_string}\"},\"query-input\":{\"@type\":\"PropertyValueSpecification\",\"valueRequired\":true,\"valueName\":\"search_term_string\"}}],\"inLanguage\":\"en-US\"}]}<\/script>\n<!-- \/ Yoast SEO Premium plugin. -->","yoast_head_json":{"title":"\u2018Poetry is proof of the humanity we all share\u2019 | ClarkU News","robots":{"index":"index","follow":"follow","max-snippet":"max-snippet:-1","max-image-preview":"max-image-preview:large","max-video-preview":"max-video-preview:-1"},"canonical":"https:\/\/www.clarku.edu\/news\/2022\/08\/18\/poetry-is-proof-of-the-humanity-we-all-share\/","og_locale":"en_US","og_type":"article","og_title":"\u2018Poetry is proof of the humanity we all share\u2019","og_description":"Clark professor brings international poets to campus this summer","og_url":"https:\/\/www.clarku.edu\/news\/2022\/08\/18\/poetry-is-proof-of-the-humanity-we-all-share\/","og_site_name":"ClarkU News","article_modified_time":"2025-05-19T13:31:18+00:00","og_image":[{"width":2560,"height":1707,"url":"https:\/\/www.clarku.edu\/news\/wp-content\/uploads\/sites\/37\/2022-International-Poets-0020-scaled-1.jpg","type":"image\/jpeg"}],"twitter_card":"summary_large_image","twitter_misc":{"Est. reading time":"3 minutes"},"schema":{"@context":"https:\/\/schema.org","@graph":[{"@type":"WebPage","@id":"https:\/\/www.clarku.edu\/news\/2022\/08\/18\/poetry-is-proof-of-the-humanity-we-all-share\/","url":"https:\/\/www.clarku.edu\/news\/2022\/08\/18\/poetry-is-proof-of-the-humanity-we-all-share\/","name":"\u2018Poetry is proof of the humanity we all share\u2019 | ClarkU News","isPartOf":{"@id":"https:\/\/www.clarku.edu\/news\/#website"},"primaryImageOfPage":{"@id":"https:\/\/www.clarku.edu\/news\/2022\/08\/18\/poetry-is-proof-of-the-humanity-we-all-share\/#primaryimage"},"image":{"@id":"https:\/\/www.clarku.edu\/news\/2022\/08\/18\/poetry-is-proof-of-the-humanity-we-all-share\/#primaryimage"},"thumbnailUrl":"https:\/\/www.clarku.edu\/news\/wp-content\/uploads\/sites\/37\/2022-International-Poets-0020-scaled-1.jpg","datePublished":"2022-08-18T18:31:46+00:00","dateModified":"2025-05-19T13:31:18+00:00","inLanguage":"en-US","potentialAction":[{"@type":"ReadAction","target":["https:\/\/www.clarku.edu\/news\/2022\/08\/18\/poetry-is-proof-of-the-humanity-we-all-share\/"]}]},{"@type":"ImageObject","inLanguage":"en-US","@id":"https:\/\/www.clarku.edu\/news\/2022\/08\/18\/poetry-is-proof-of-the-humanity-we-all-share\/#primaryimage","url":"https:\/\/www.clarku.edu\/news\/wp-content\/uploads\/sites\/37\/2022-International-Poets-0020-scaled-1.jpg","contentUrl":"https:\/\/www.clarku.edu\/news\/wp-content\/uploads\/sites\/37\/2022-International-Poets-0020-scaled-1.jpg","width":2560,"height":1707,"caption":"international poets Mar\u00eda In\u00e9s Iacometti and Juan Freddy Armando talk with Professor Bel\u00e9n Atienza."},{"@type":"BreadcrumbList","@id":"https:\/\/www.clarku.edu\/news\/wp-json\/wp\/v2\/story\/13314#breadcrumbs","itemListElement":[{"@type":"ListItem","position":0,"name":"ClarkU","item":"https:\/\/www.clarku.edu\/"},{"@type":"ListItem","position":1,"name":"ClarkU News","item":"https:\/\/www.clarku.edu\/news"},{"@type":"ListItem","position":2,"name":"Stories","item":"https:\/\/www.clarku.edu\/news\/wp-json"},{"@type":"ListItem","position":3,"name":"Stories","item":"https:\/\/www.clarku.edu\/news\/wp-json\/wp"},{"@type":"ListItem","position":4,"name":"Stories","item":"https:\/\/www.clarku.edu\/news\/wp-json\/wp\/v2"},{"@type":"ListItem","position":5,"name":"Stories","item":"https:\/\/www.clarku.edu\/news\/wp-json\/wp\/v2\/story"},{"@type":"ListItem","position":6,"name":"Stories","item":"https:\/\/www.clarku.edu\/news\/wp-json\/wp\/v2\/story\/13314"}]},{"@type":"WebSite","@id":"https:\/\/www.clarku.edu\/news\/#website","url":"https:\/\/www.clarku.edu\/news\/","name":"ClarkU News","description":"","potentialAction":[{"@type":"SearchAction","target":{"@type":"EntryPoint","urlTemplate":"https:\/\/www.clarku.edu\/news\/?s={search_term_string}"},"query-input":{"@type":"PropertyValueSpecification","valueRequired":true,"valueName":"search_term_string"}}],"inLanguage":"en-US"}]}},"fimg_url":"https:\/\/www.clarku.edu\/news\/wp-content\/uploads\/sites\/37\/2022-International-Poets-0020-scaled-1-1024x683.jpg","_links":{"self":[{"href":"https:\/\/www.clarku.edu\/news\/wp-json\/wp\/v2\/story\/13314","targetHints":{"allow":["GET"]}}],"collection":[{"href":"https:\/\/www.clarku.edu\/news\/wp-json\/wp\/v2\/story"}],"about":[{"href":"https:\/\/www.clarku.edu\/news\/wp-json\/wp\/v2\/types\/story"}],"version-history":[{"count":0,"href":"https:\/\/www.clarku.edu\/news\/wp-json\/wp\/v2\/story\/13314\/revisions"}],"wp:featuredmedia":[{"embeddable":true,"href":"https:\/\/www.clarku.edu\/news\/wp-json\/wp\/v2\/media\/13315"}],"wp:attachment":[{"href":"https:\/\/www.clarku.edu\/news\/wp-json\/wp\/v2\/media?parent=13314"}],"wp:term":[{"taxonomy":"category","embeddable":true,"href":"https:\/\/www.clarku.edu\/news\/wp-json\/wp\/v2\/categories?post=13314"},{"taxonomy":"displayed_author","embeddable":true,"href":"https:\/\/www.clarku.edu\/news\/wp-json\/wp\/v2\/displayed_author?post=13314"},{"taxonomy":"featured","embeddable":true,"href":"https:\/\/www.clarku.edu\/news\/wp-json\/wp\/v2\/featured?post=13314"},{"taxonomy":"topic","embeddable":true,"href":"https:\/\/www.clarku.edu\/news\/wp-json\/wp\/v2\/topic?post=13314"}],"curies":[{"name":"wp","href":"https:\/\/api.w.org\/{rel}","templated":true}]}}